{"id":37823,"date":"2026-03-26T18:24:40","date_gmt":"2026-03-26T23:24:40","guid":{"rendered":"https:\/\/fulbright.edu.co\/fulbright-colombia-welcomes-two-new-members-to-its-board-of-director\/"},"modified":"2026-03-26T18:26:22","modified_gmt":"2026-03-26T23:26:22","slug":"fulbright-colombia-welcomes-two-new-members-to-its-board-of-director","status":"publish","type":"post","link":"https:\/\/fulbright.edu.co\/en\/fulbright-colombia-welcomes-two-new-members-to-its-board-of-director\/","title":{"rendered":"Fulbright Colombia Welcomes Two New Members to its Board of Director"},"content":{"rendered":"\n<p>Fulbright Colombia, as a Binational Commission, has a Board of Directors made up of representatives from both countries \u2014 Colombia and the United States \u2014, reflecting the spirit of cooperation and mutual understanding that defines its mission. In this context, the Commission is pleased to welcome two new members who bring diverse perspectives and outstanding professional trajectories to the Board. <\/p>\n\n<div class=\"wp-block-media-text is-stacked-on-mobile\"><figure class=\"wp-block-media-text__media\"><img loading=\"lazy\" decoding=\"async\" width=\"800\" height=\"800\" src=\"http:\/\/fulbright.edu.co\/wp-content\/uploads\/2026\/02\/Maria-Angelica-Garcia.jpeg\" alt=\"\" class=\"wp-image-37546 size-full\" srcset=\"https:\/\/fulbright.edu.co\/wp-content\/uploads\/2026\/02\/Maria-Angelica-Garcia.jpeg 800w, https:\/\/fulbright.edu.co\/wp-content\/uploads\/2026\/02\/Maria-Angelica-Garcia-300x300.jpeg 300w, https:\/\/fulbright.edu.co\/wp-content\/uploads\/2026\/02\/Maria-Angelica-Garcia-80x80.jpeg 80w, https:\/\/fulbright.edu.co\/wp-content\/uploads\/2026\/02\/Maria-Angelica-Garcia-768x768.jpeg 768w, https:\/\/fulbright.edu.co\/wp-content\/uploads\/2026\/02\/Maria-Angelica-Garcia-36x36.jpeg 36w, https:\/\/fulbright.edu.co\/wp-content\/uploads\/2026\/02\/Maria-Angelica-Garcia-180x180.jpeg 180w, https:\/\/fulbright.edu.co\/wp-content\/uploads\/2026\/02\/Maria-Angelica-Garcia-705x705.jpeg 705w\" sizes=\"auto, (max-width: 800px) 100vw, 800px\" \/><\/figure><div class=\"wp-block-media-text__content\">\n<p>Mar\u00eda Ang\u00e9lica Garc\u00eda Yatte serves as Director of Cultural Affairs at the Colombian Ministry of Foreign Affairs. An internationalist with a background in international law and experience in social policy, corporate social responsibility, and social development, Garc\u00eda Yatte brings to the Board a strong perspective on cultural diplomacy and multilateral engagement. <\/p>\n<\/div><\/div>\n\n<div class=\"wp-block-media-text has-media-on-the-right is-stacked-on-mobile\"><div class=\"wp-block-media-text__content\">\n<p><strong>Gregg Bauer<\/strong> is Co-founder and Managing Partner of ScaleUp Lab, with an extensive background in entrepreneurship and technology-driven innovation. With deep experience in the startup ecosystem across Colombia and Latin America, and a broad knowledge of the Industrial Internet of Things (IIoT) and artificial intelligence, Bauer brings a strategic vision in innovation and global business development to the Board.  <\/p>\n<\/div><figure class=\"wp-block-media-text__media\"><img loading=\"lazy\" decoding=\"async\" width=\"1024\" height=\"1024\" src=\"http:\/\/fulbright.edu.co\/wp-content\/uploads\/2026\/03\/GDB-Headshot-Formal.png\" alt=\"\" class=\"wp-image-37811 size-full\" srcset=\"https:\/\/fulbright.edu.co\/wp-content\/uploads\/2026\/03\/GDB-Headshot-Formal.png 1024w, https:\/\/fulbright.edu.co\/wp-content\/uploads\/2026\/03\/GDB-Headshot-Formal-300x300.png 300w, https:\/\/fulbright.edu.co\/wp-content\/uploads\/2026\/03\/GDB-Headshot-Formal-80x80.png 80w, https:\/\/fulbright.edu.co\/wp-content\/uploads\/2026\/03\/GDB-Headshot-Formal-768x768.png 768w, https:\/\/fulbright.edu.co\/wp-content\/uploads\/2026\/03\/GDB-Headshot-Formal-36x36.png 36w, https:\/\/fulbright.edu.co\/wp-content\/uploads\/2026\/03\/GDB-Headshot-Formal-180x180.png 180w, https:\/\/fulbright.edu.co\/wp-content\/uploads\/2026\/03\/GDB-Headshot-Formal-705x705.png 705w\" sizes=\"auto, (max-width: 1024px) 100vw, 1024px\" \/><\/figure><\/div>\n\n<p><\/p>\n\n<p>Fulbright Colombia celebrates the incorporation of these two leaders and is confident that their experience and commitment will enrich the Commission&#8217;s work in its mission to strengthen academic and cultural ties between Colombia and the United States.<\/p>\n","protected":false},"excerpt":{"rendered":"<p>Fulbright Colombia, as a Binational Commission, has a Board of Directors made up of representatives from both countries \u2014 Colombia and the United States \u2014, reflecting the spirit of cooperation and mutual understanding that defines its mission. In this context, the Commission is pleased to welcome two new members who bring diverse perspectives and outstanding [&hellip;]<\/p>\n","protected":false},"author":1,"featured_media":37822,"comment_status":"closed","ping_status":"closed","sticky":false,"template":"","format":"standard","meta":{"_acf_changed":false,"footnotes":""},"categories":[46],"tags":[],"class_list":["post-37823","post","type-post","status-publish","format-standard","has-post-thumbnail","hentry","category-general-en"],"acf":[],"_links":{"self":[{"href":"https:\/\/fulbright.edu.co\/en\/wp-json\/wp\/v2\/posts\/37823","targetHints":{"allow":["GET"]}}],"collection":[{"href":"https:\/\/fulbright.edu.co\/en\/wp-json\/wp\/v2\/posts"}],"about":[{"href":"https:\/\/fulbright.edu.co\/en\/wp-json\/wp\/v2\/types\/post"}],"author":[{"embeddable":true,"href":"https:\/\/fulbright.edu.co\/en\/wp-json\/wp\/v2\/users\/1"}],"replies":[{"embeddable":true,"href":"https:\/\/fulbright.edu.co\/en\/wp-json\/wp\/v2\/comments?post=37823"}],"version-history":[{"count":1,"href":"https:\/\/fulbright.edu.co\/en\/wp-json\/wp\/v2\/posts\/37823\/revisions"}],"predecessor-version":[{"id":37824,"href":"https:\/\/fulbright.edu.co\/en\/wp-json\/wp\/v2\/posts\/37823\/revisions\/37824"}],"wp:featuredmedia":[{"embeddable":true,"href":"https:\/\/fulbright.edu.co\/en\/wp-json\/wp\/v2\/media\/37822"}],"wp:attachment":[{"href":"https:\/\/fulbright.edu.co\/en\/wp-json\/wp\/v2\/media?parent=37823"}],"wp:term":[{"taxonomy":"category","embeddable":true,"href":"https:\/\/fulbright.edu.co\/en\/wp-json\/wp\/v2\/categories?post=37823"},{"taxonomy":"post_tag","embeddable":true,"href":"https:\/\/fulbright.edu.co\/en\/wp-json\/wp\/v2\/tags?post=37823"}],"curies":[{"name":"wp","href":"https:\/\/api.w.org\/{rel}","templated":true}]}}